{"id":3167,"date":"2016-09-02T13:20:33","date_gmt":"2016-09-02T11:20:33","guid":{"rendered":"https:\/\/www.shibumidojo.com\/?p=3167"},"modified":"2016-09-02T13:20:33","modified_gmt":"2016-09-02T11:20:33","slug":"budo-pedagojik-cocuk-judosu-calismasi-baslamistir","status":"publish","type":"post","link":"https:\/\/www.shibumidojo.com\/index.php\/2016\/09\/02\/budo-pedagojik-cocuk-judosu-calismasi-baslamistir\/","title":{"rendered":"Katsuhiko Arai Sensei Semineri \u00c7al\u0131\u015fma saatleri"},"content":{"rendered":"<p>\n\t\u0130lki 2003 y\u0131l\u0131nda ba\u015flayan&nbsp;Shinto Muso Ryu jo jutsu seminer ve &ccedil;al\u0131\u015fmalar\u0131m\u0131z bizleri bu g&uuml;nlere getirdi. D&uuml;nya da&nbsp;&nbsp;Shinto Muso Ryu jo jutsu Sava\u015f sanat\u0131nda T&uuml;rkiye &ouml;nemli bir yerde. Benimle beraber ba\u015flayan ve halen &ccedil;al\u0131\u015fmalar\u0131n\u0131 ayn\u0131 heyacan ve titizlik i&ccedil;inde devam ettiren, Jojutsu nun T&uuml;rkiye de ba\u015flamas\u0131na ve devam etmesine katk\u0131s\u0131 olan&nbsp;b&uuml;t&uuml;n Jodo cu arkada\u015flar\u0131ma minnet bor&ccedil;luyum.&nbsp;\n<\/p>\n<p style=\"text-align: center;\">\n\t<a href=\"http:\/\/shibumidojo.com\/wp-content\/uploads\/2016\/09\/sensei.jpg\"><img decoding=\"async\" loading=\"lazy\" alt=\"sensei\" class=\"alignleft size-full wp-image-3191\" height=\"302\" src=\"http:\/\/shibumidojo.com\/wp-content\/uploads\/2016\/09\/sensei.jpg\" width=\"500\" \/><\/a>\n<\/p>\n<p>\n\t&nbsp;\n<\/p>\n<p>\n\t&nbsp;\n<\/p>\n<p>\n\t&nbsp;\n<\/p>\n<p>\n\t&nbsp;\n<\/p>\n<p>\n\t&nbsp;\n<\/p>\n<p>\n\t&nbsp;\n<\/p>\n<p>\n\t&nbsp;\n<\/p>\n<p>\n\t&nbsp;\n<\/p>\n<p>\n\t&nbsp;\n<\/p>\n<p>\n\t&nbsp;\n<\/p>\n<p>\n\tSEM\u0130NER SAATLER\u0130\n<\/p>\n<p>\n\t18 Eyl&uuml;l 2016- Pazar; Ho\u015f geldin\n<\/p>\n<p>\n\t19 Eyl&uuml;l 2016- Pazartesi; &nbsp; &nbsp;14.00 \/ 17.00 &mdash;- 19.00 \/ 21.00\n<\/p>\n<p>\n\t20 Eyl&uuml;l 2016 &#8211; Sal\u0131; &nbsp; &nbsp; &nbsp; &nbsp; &nbsp; 14.00 \/ 17.00 &mdash;- 19.00 \/ 21.00\n<\/p>\n<p>\n\t21 Eyl&uuml;l 2016 &#8211; &Ccedil;ar\u015famba; &nbsp;14.00 \/ 17.00 &mdash;&ndash;19.00 \/ 21.00\n<\/p>\n<p>\n\t22 Eyl&uuml;l 2016 &#8211; Per\u015fembe;&nbsp; 14.00 \/ 17.00 &mdash;- 19.00 \/ 21.00\n<\/p>\n<p>\n\t23 Eyl&uuml;l 2016 &#8211; Cuma; &nbsp;&nbsp;&nbsp;&nbsp;&nbsp;&nbsp;&nbsp;14.00 \/ 17.00 &mdash;- 19.00 \/ 21.00\n<\/p>\n<p>\n\t24 Eyl&uuml;l 2016 &#8211; Cumartesi; &nbsp;11.00 \/ 13.00 &mdash;- 16.00 \/ 18.00\n<\/p>\n<p>\n\t25 Eyl&uuml;l 2016 &#8211; Pazar;&nbsp;&nbsp;&nbsp;&nbsp;&nbsp;&nbsp; &nbsp;&nbsp;11.00 \/ 13.00 &mdash;- 16.00 \/ 18.00\n<\/p>\n<p>\n\t26 Eyl&uuml;l 2016 &#8211; Pazartesi;&nbsp; &nbsp;14.00 \/ 17.00 &mdash;&nbsp;18.30 \/ 20.30\n<\/p>\n<p>\n\t27 Eyl&uuml;l 2016 &#8211; Sal\u0131; &nbsp; &nbsp; &nbsp; &nbsp; &nbsp; &nbsp;14.00 \/ 17.00 &mdash;-&nbsp;18.30 \/ 20.30\n<\/p>\n<p>\n\t28 Eyl&uuml;l 2016 &#8211; &Ccedil;ar\u015famba: &nbsp;14.00 \/ 17.00 &mdash;&nbsp;&nbsp;18.30 \/ 20.30\n<\/p>\n<p>\n\t29 Eyl&uuml;l 2016 &#8211; Per\u015fembe; &nbsp;14.00 \/ 17.00 &mdash;- Dojo da veda yeme\u011fi, Dan, Kyu Terfi Seremonisi, Kat\u0131l\u0131m belgeleri tevziat\u0131<\/p>\n","protected":false},"excerpt":{"rendered":"<p>\u0130lki 2003 y\u0131l\u0131nda ba\u015flayan&nbsp;Shinto Muso Ryu jo jutsu seminer ve &ccedil;al\u0131\u015fmalar\u0131m\u0131z bizleri bu g&uuml;nlere getirdi. D&uuml;nya da&nbsp;&nbsp;Shinto Muso Ryu jo jutsu Sava\u015f sanat\u0131nda T&uuml;rkiye &ouml;nemli bir yerde. Benimle beraber ba\u015flayan ve halen &ccedil;al\u0131\u015fmalar\u0131n\u0131 ayn\u0131 heyacan ve titizlik i&ccedil;inde devam ettiren, Jojutsu nun T&uuml;rkiye de ba\u015flamas\u0131na ve devam etmesine katk\u0131s\u0131 olan&nbsp;b&uuml;t&uuml;n Jodo cu arkada\u015flar\u0131ma minnet bor&ccedil;luyum.&nbsp; &hellip; <\/p>\n","protected":false},"author":1,"featured_media":3191,"comment_status":"open","ping_status":"open","sticky":false,"template":"","format":"standard","meta":{"om_disable_all_campaigns":false,"_mi_skip_tracking":false},"categories":[11],"tags":[],"aioseo_notices":[],"_links":{"self":[{"href":"https:\/\/www.shibumidojo.com\/index.php\/wp-json\/wp\/v2\/posts\/3167"}],"collection":[{"href":"https:\/\/www.shibumidojo.com\/index.php\/wp-json\/wp\/v2\/posts"}],"about":[{"href":"https:\/\/www.shibumidojo.com\/index.php\/wp-json\/wp\/v2\/types\/post"}],"author":[{"embeddable":true,"href":"https:\/\/www.shibumidojo.com\/index.php\/wp-json\/wp\/v2\/users\/1"}],"replies":[{"embeddable":true,"href":"https:\/\/www.shibumidojo.com\/index.php\/wp-json\/wp\/v2\/comments?post=3167"}],"version-history":[{"count":0,"href":"https:\/\/www.shibumidojo.com\/index.php\/wp-json\/wp\/v2\/posts\/3167\/revisions"}],"wp:featuredmedia":[{"embeddable":true,"href":"https:\/\/www.shibumidojo.com\/index.php\/wp-json\/"}],"wp:attachment":[{"href":"https:\/\/www.shibumidojo.com\/index.php\/wp-json\/wp\/v2\/media?parent=3167"}],"wp:term":[{"taxonomy":"category","embeddable":true,"href":"https:\/\/www.shibumidojo.com\/index.php\/wp-json\/wp\/v2\/categories?post=3167"},{"taxonomy":"post_tag","embeddable":true,"href":"https:\/\/www.shibumidojo.com\/index.php\/wp-json\/wp\/v2\/tags?post=3167"}],"curies":[{"name":"wp","href":"https:\/\/api.w.org\/{rel}","templated":true}]}}