{"id":4522,"date":"2017-06-23T11:47:46","date_gmt":"2017-06-23T11:47:46","guid":{"rendered":"http:\/\/shibumidojo.com\/?p=4522"},"modified":"2017-06-23T11:47:46","modified_gmt":"2017-06-23T11:47:46","slug":"budo-pedagojik-cocuk-judosunun-amaci","status":"publish","type":"post","link":"https:\/\/www.shibumidojo.com\/index.php\/2017\/06\/23\/budo-pedagojik-cocuk-judosunun-amaci\/","title":{"rendered":"Budo pedagojik \u00e7ocuk judosunun amac\u0131"},"content":{"rendered":"<p>\n\t<span style=\"font-family:tahoma,geneva,sans-serif;\"><span style=\"font-size:14px;\"><a href=\"https:\/\/www.shibumidojo.com\/wp-content\/uploads\/2017\/04\/cocukjudosu1-4.png\" rel=\"attachment wp-att-21\"><img decoding=\"async\" loading=\"lazy\" alt=\"cocukjudosu1\" class=\"aligncenter size-full wp-image-21\" height=\"60\" src=\"https:\/\/www.shibumidojo.com\/wp-content\/uploads\/2017\/04\/cocukjudosu1-4.png\" width=\"296\" \/><\/a><\/span><\/span><span style=\"font-family:tahoma,geneva,sans-serif;\"><span style=\"font-size:14px;\">T&uuml;m organlar\u0131n d&uuml;zg&uuml;n geli\u015fmesi ancak &ccedil;ocuk ya\u015flarda bilin&ccedil;li yap\u0131lan egzersizlerle m&uuml;mk&uuml;nd&uuml;r. &nbsp;Esneklik, &ccedil;eviklik, dikkatin artmas\u0131 yan\u0131 s\u0131ra bedenini ve zihnini kontrol edebilen, ki\u015filik, \u015fahsiyet, mertlik, \u015feref, sayg\u0131, dostluk, al&ccedil;akg&ouml;n&uuml;ll&uuml;l&uuml;k, nezaket gibi de\u011ferleri &ouml;n planda olan sa\u011fl\u0131kl\u0131 gen&ccedil; nesillerin yeti\u015fmesidir ama&ccedil;lanan. Daha iyi bir d&uuml;nyada ya\u015famak istiyorsak, d&uuml;nyay\u0131 daha iyi ya\u015fanacak bir hale &ccedil;evirmeliyiz, bu da bilin&ccedil;lenerek m&uuml;mk&uuml;nd&uuml;r. &Ccedil;ocuklar\u0131m\u0131z\u0131 bu bilin&ccedil; i&ccedil;inde sa\u011fl\u0131kl\u0131 ve sa\u011flam bireyler olarak yeti\u015ftirmeliyiz. Judo &ccedil;al\u0131\u015fan &ccedil;ocuklar spor yapman\u0131n kendilerine kazand\u0131rd\u0131\u011f\u0131 becerileri ke\u015ffederler, bu becerileri hayat i&ccedil;inde de kullan\u0131rlar, dikkatleri artt\u0131\u011f\u0131 i&ccedil;in derslerde ve di\u011fer faaliyetlerde daha ba\u015far\u0131l\u0131 olurlar, m&uuml;cadeleyi &ouml;\u011frendikleri i&ccedil;in hayattaki ba\u015far\u0131lar\u0131 artar, bilgi ve becerilerinden dolay\u0131 kendilerine olan g&uuml;venleri sosyal olarak da ba\u015far\u0131s\u0131n\u0131 artt\u0131r\u0131r. Al&ccedil;akg&ouml;n&uuml;ll&uuml; ve nazik oldu\u011fu i&ccedil;in de &ccedil;evresinde sevilen, sevildi\u011fi i&ccedil;in sayg\u0131 duyulan bir fert olur.<\/span><\/span>\n<\/p>\n<p>\n\t<span style=\"font-family:tahoma,geneva,sans-serif;\"><span style=\"font-size:14px;\"><strong>Budo;<\/strong>&nbsp; Sava\u015f sanatlar\u0131na verilen isim diye bilinse de,&nbsp;&quot;Budo&quot; daha &ccedil;ok sava\u015f\u0131 durdurmak anlam\u0131na gelmektedir (&quot;bar\u0131\u015f\u0131n yolu&quot; demek daha do\u011fru olur.). Bushido ise&nbsp;sava\u015f&ccedil;\u0131n\u0131n yoludur. &nbsp;<\/span><\/span>\n<\/p>\n<p>\n\t<span style=\"font-family:tahoma,geneva,sans-serif;\"><span style=\"font-size:14px;\"><strong>Bushido; <\/strong>Sava\u015f&ccedil;\u0131n\u0131n yolu olarak bilinir ve &quot;sava\u015f&ccedil;\u0131&quot; anlam\u0131na gelen &quot;bushi&quot; kelimesinden gelir. Do ise Japonca&#39;da &quot;yol&quot; anlam\u0131na gelir. Dolay\u0131s\u0131yla Bushido &quot;sava\u015f&ccedil;\u0131n\u0131n yolu&quot; anlam\u0131na gelir.<\/span><\/span>\n<\/p>\n<p>\n\t<span style=\"font-family:tahoma,geneva,sans-serif;\"><span style=\"font-size:14px;\"><strong>Budo de\u011ferleri<\/strong>;&nbsp; Ciddiyet, sayg\u0131, nezaket, takdir etmek, kendine hakim olmak, dayan\u0131\u015fma, d&uuml;r&uuml;stl&uuml;k, dostluk, sab\u0131r, cesaret, tevazu. Bu kavramlar\u0131 benimseyerek b&uuml;y&uuml;yen bir &ccedil;ocuk b&uuml;y&uuml;y&uuml;nce farkl\u0131 birisi olacakt\u0131r.&nbsp;<\/span><\/span>\n<\/p>\n<p>\n\t<span style=\"font-family:tahoma,geneva,sans-serif;\"><span style=\"font-size:14px;\">Budo pedagojik judosunun amac\u0131 \u015fampiyon yeti\u015ftirmek de\u011fil, e\u011fitimin as\u0131l hedefi gen&ccedil;leri yukar\u0131da yaz\u0131lan budo de\u011ferleri ile bedensel ve ruhsal olarak e\u011fitmek ve onlara hayat i&ccedil;inde kullanabilece\u011fi de\u011fer ve becerileri kazand\u0131rmakt\u0131r.<\/span><\/span>\n<\/p>\n<p>\n\t<span style=\"font-family:tahoma,geneva,sans-serif;\"><span style=\"font-size:14px;\">&Ccedil;ocuklar judonun temellerini &ouml;\u011frenirken, fiziksel geli\u015fimini tamamlay\u0131c\u0131 egzersizler, dikkat geli\u015ftiren oyunlarla, hayat\u0131 ke\u015ffetmek i&ccedil;in ilk &ouml;nemli beceri, d&uuml;\u015f&uuml;\u015f&uuml; &ouml;\u011frenirler. B&uuml;t&uuml;n bunlar\u0131n yan\u0131 s\u0131ra &ccedil;ocuklar dojoda (judo &ccedil;al\u0131\u015f\u0131lan yer ) nas\u0131l davranmas\u0131 gerekti\u011fini, kar\u015f\u0131s\u0131ndaki &ccedil;al\u0131\u015fma arkada\u015f\u0131na, dojodaki di\u011fer arkada\u015flar\u0131na ve Sensei&#39;ye (Hoca) nas\u0131l davranmas\u0131 gerekti\u011fini &ouml;\u011frenir.<\/span><\/span>\n<\/p>\n<p>\n\t<span style=\"font-family:tahoma,geneva,sans-serif;\"><span style=\"font-size:14px;\">Judo &ccedil;al\u0131\u015fmaya ba\u015flayan &ccedil;ocuktaki olumlu davran\u0131\u015f de\u011fi\u015fikli\u011fi birka&ccedil; haftal\u0131k pedagojik &ccedil;ocuk judosu &ccedil;al\u0131\u015fma sonras\u0131 okul &ouml;\u011fretmenleri veya ebeveyn taraf\u0131ndan fark edilir. Pedagojik &ccedil;ocuk judosu &ccedil;al\u0131\u015fan &ccedil;ocuklar daha sakin, daha sab\u0131rl\u0131d\u0131r. Dikkat geli\u015fti\u011fi i&ccedil;in okulda di\u011fer derslerdeki ba\u015far\u0131s\u0131 artar kendisine ve ba\u015fkalar\u0131na daha fazla sayg\u0131 duyarlar. Veliler ve &ouml;\u011fretmenler judo denilince vurdulu k\u0131rd\u0131l\u0131 bir spor zannedip ilk ba\u015flarda kayg\u0131 duyuyorlar fakat &ccedil;ocuklar\u0131n, karde\u015fleri, arkada\u015flar\u0131, akrabalar\u0131 &uuml;zerinde b\u0131rakt\u0131\u011f\u0131 olumlu etki sonras\u0131 karde\u015f ve arkada\u015flar\u0131 da judo &ccedil;al\u0131\u015fmalar\u0131na kat\u0131l\u0131yor. Programdan &ouml;nce ve sonra de\u011fi\u015fikli\u011fi ilk &ouml;l&ccedil;enler &ccedil;ocu\u011fun yak\u0131n &ccedil;evresi ve &ouml;\u011fretmenleri olur.<\/span><\/span>\n<\/p>\n<p>\n\t<span style=\"font-family:tahoma,geneva,sans-serif;\"><span style=\"font-size:14px;\">G&uuml;n&uuml;m&uuml;zde Budo pedagojik &ccedil;ocuk judosu d&uuml;nyada h\u0131zla yay\u0131l\u0131yor ve Unicef judoyu &ccedil;ocuklar i&ccedil;in ruhsal ve bedensel geli\u015fimi tamamlayan en iyi e\u011fitim etkinli\u011fi olarak g&ouml;r&uuml;yor.<\/span><\/span>\n<\/p>\n<p>\n\t<span style=\"font-family:tahoma,geneva,sans-serif;\"><span style=\"font-size:14px;\"><strong>UNICEF<\/strong>, Birle\u015fmi\u015f Milletler Genel Kurulu taraf\u0131ndan &ccedil;ocuk haklar\u0131n\u0131n korunmas\u0131 ad\u0131na tan\u0131t\u0131m ve savunucu &ccedil;al\u0131\u015fmalar\u0131 yapmak, &ccedil;ocuklar\u0131n temel gereksinimlerinin kar\u015f\u0131lanmas\u0131na yard\u0131mc\u0131 olmak ve &ccedil;ocuklar\u0131n potansiyellerini eksiksiz bi&ccedil;imde ger&ccedil;ekle\u015ftirmek i&ccedil;in f\u0131rsatlar yaratmak &uuml;zere g&ouml;revlendirilmi\u015f bir kurulu\u015ftur.<\/span><\/span>\n<\/p>\n<p>\n\t<strong><span style=\"font-family:tahoma,geneva,sans-serif;\"><span style=\"font-size:14px;\">&Ccedil;ocuklar judo &ccedil;al\u0131\u015fmaktan mutluluk duyar.<\/span><\/span><\/strong>\n<\/p>\n<p style=\"text-align: center;\">\n\t<figure id=\"attachment_4533\" aria-describedby=\"caption-attachment-4533\" style=\"width: 1024px\" class=\"wp-caption aligncenter\"><img decoding=\"async\" loading=\"lazy\" alt=\"user comment\" class=\"size-full wp-image-4533 wp-caption aligncenter\" height=\"715\" src=\"http:\/\/shibumidojo.com\/wp-content\/uploads\/2017\/06\/judo-de\u011ferleri.jpg\" width=\"1024\" \/><figcaption id=\"caption-attachment-4533\" class=\"wp-caption-text\">user comment<\/figcaption><\/figure><\/p>\n","protected":false},"excerpt":{"rendered":"<p>T&uuml;m organlar\u0131n d&uuml;zg&uuml;n geli\u015fmesi ancak &ccedil;ocuk ya\u015flarda bilin&ccedil;li yap\u0131lan egzersizlerle m&uuml;mk&uuml;nd&uuml;r. &nbsp;Esneklik, &ccedil;eviklik, dikkatin artmas\u0131 yan\u0131 s\u0131ra bedenini ve zihnini kontrol edebilen, ki\u015filik, \u015fahsiyet, mertlik, \u015feref, sayg\u0131, dostluk, al&ccedil;akg&ouml;n&uuml;ll&uuml;l&uuml;k, nezaket gibi de\u011ferleri &ouml;n planda olan sa\u011fl\u0131kl\u0131 gen&ccedil; nesillerin yeti\u015fmesidir ama&ccedil;lanan. Daha iyi bir d&uuml;nyada ya\u015famak istiyorsak, d&uuml;nyay\u0131 daha iyi ya\u015fanacak bir hale &ccedil;evirmeliyiz, bu da &hellip; <\/p>\n","protected":false},"author":1,"featured_media":4570,"comment_status":"open","ping_status":"open","sticky":true,"template":"","format":"standard","meta":{"om_disable_all_campaigns":false,"_mi_skip_tracking":false},"categories":[7],"tags":[49,50,52,55,62,63,209],"aioseo_notices":[],"_links":{"self":[{"href":"https:\/\/www.shibumidojo.com\/index.php\/wp-json\/wp\/v2\/posts\/4522"}],"collection":[{"href":"https:\/\/www.shibumidojo.com\/index.php\/wp-json\/wp\/v2\/posts"}],"about":[{"href":"https:\/\/www.shibumidojo.com\/index.php\/wp-json\/wp\/v2\/types\/post"}],"author":[{"embeddable":true,"href":"https:\/\/www.shibumidojo.com\/index.php\/wp-json\/wp\/v2\/users\/1"}],"replies":[{"embeddable":true,"href":"https:\/\/www.shibumidojo.com\/index.php\/wp-json\/wp\/v2\/comments?post=4522"}],"version-history":[{"count":0,"href":"https:\/\/www.shibumidojo.com\/index.php\/wp-json\/wp\/v2\/posts\/4522\/revisions"}],"wp:featuredmedia":[{"embeddable":true,"href":"https:\/\/www.shibumidojo.com\/index.php\/wp-json\/wp\/v2\/media\/4570"}],"wp:attachment":[{"href":"https:\/\/www.shibumidojo.com\/index.php\/wp-json\/wp\/v2\/media?parent=4522"}],"wp:term":[{"taxonomy":"category","embeddable":true,"href":"https:\/\/www.shibumidojo.com\/index.php\/wp-json\/wp\/v2\/categories?post=4522"},{"taxonomy":"post_tag","embeddable":true,"href":"https:\/\/www.shibumidojo.com\/index.php\/wp-json\/wp\/v2\/tags?post=4522"}],"curies":[{"name":"wp","href":"https:\/\/api.w.org\/{rel}","templated":true}]}}